{"id":3436,"date":"2020-07-01T09:02:38","date_gmt":"2020-07-01T07:02:38","guid":{"rendered":"https:\/\/www.alviasana.com\/das-bca-und-die-corona-folgen\/"},"modified":"2022-03-30T14:44:28","modified_gmt":"2022-03-30T12:44:28","slug":"das-bca-und-die-corona-folgen","status":"publish","type":"post","link":"https:\/\/www.alviasana.com\/fr\/das-bca-und-die-corona-folgen\/","title":{"rendered":"La BCA et les cons\u00e9quences du Corona"},"content":{"rendered":"\t\t<div data-elementor-type=\"wp-post\" data-elementor-id=\"3436\" class=\"elementor elementor-3436 elementor-55\" data-elementor-post-type=\"post\">\n\t\t\t\t\t\t<section class=\"elementor-section elementor-top-section elementor-element elementor-element-2bd2fa38 elementor-section-boxed elementor-section-height-default elementor-section-height-default\" data-id=\"2bd2fa38\" data-element_type=\"section\">\n\t\t\t\t\t\t<div class=\"elementor-container elementor-column-gap-no\">\n\t\t\t\t\t<div class=\"elementor-column elementor-col-100 elementor-top-column elementor-element elementor-element-53b00540\" data-id=\"53b00540\" data-element_type=\"column\">\n\t\t\t<div class=\"elementor-widget-wrap elementor-element-populated\">\n\t\t\t\t\t\t<div class=\"elementor-element elementor-element-49e543d elementor-widget elementor-widget-heading\" data-id=\"49e543d\" data-element_type=\"widget\" data-widget_type=\"heading.default\">\n\t\t\t\t<div class=\"elementor-widget-container\">\n\t\t\t\t\t<h6 class=\"elementor-heading-title elementor-size-default\">Borreliose Wissen Aktuell Nr. 42<\/h6>\t\t\t\t<\/div>\n\t\t\t\t<\/div>\n\t\t\t\t<div class=\"elementor-element elementor-element-4edd807d elementor-widget elementor-widget-text-editor\" data-id=\"4edd807d\" data-element_type=\"widget\" data-widget_type=\"text-editor.default\">\n\t\t\t\t<div class=\"elementor-widget-container\">\n\t\t\t\t\t\t\t\t\t<p>Pendant plus de 14 ans, le Borreliose Centrum Augsburg, appel\u00e9 plus r\u00e9cemment BCA-Clinic, a \u00e9t\u00e9 l&rsquo;adresse de r\u00e9f\u00e9rence pour les patients atteints de borr\u00e9liose \u00e0 la recherche d&rsquo;un diagnostic et d&rsquo;un traitement dans le monde entier. Les membres fondateurs, le Dr Carsten Nicolaus et le Dr Armin Schwarzbach, suivaient surtout les directives internationales (ILADS) et les recommandations de la Soci\u00e9t\u00e9 allemande de la borr\u00e9liose, temporairement aussi \u00e0 Blankenburg, en Saxe-Anhalt. Pour de nombreux patients pr\u00e9sum\u00e9s hors traitement, l&rsquo;approche th\u00e9rapeutique globale sous forme de traitement intensif dans le cadre d&rsquo;une prise en charge ambulatoire \u00e0 plein temps \u00e9tait le dernier recours pour retrouver une vie \u00e0 peu pr\u00e8s normale. C&rsquo;est de la BCA que sont venues les premi\u00e8res indications et preuves de laboratoire sur les co-infections et les approches diagnostiques qui, aujourd&rsquo;hui encore, ne sont pas prises en compte par les diagnostics de routine. Des protocoles de traitement sp\u00e9cialement d\u00e9velopp\u00e9s ont pos\u00e9 de nouveaux jalons, de nouveaux diagnostics ont \u00e9largi le champ de vision de la bact\u00e9rie Borrelia burgdorferi avec toutes ses facettes et combinaisons. La BCA a organis\u00e9 plusieurs congr\u00e8s europ\u00e9ens sur la maladie de Lyme et des formations continues. Jusqu&rsquo;\u00e0 ce que le coronavirus Covid-19 apparaisse de mani\u00e8re g\u00e9n\u00e9ralis\u00e9e en Allemagne et sur tous les continents.\u00a0<\/p><p>Carsten Nicolaus, qui s&rsquo;est consacr\u00e9 par passion et par vocation aux patients atteints de la maladie de Lyme il y a plus de 30 ans d\u00e9j\u00e0, en raison de sa propre affection familiale, a d\u00fb renoncer parce que certains de ses patients ne pouvaient plus se d\u00e9placer jusqu&rsquo;\u00e0 aujourd&rsquo;hui et qu&rsquo;il a \u00e9galement \u00e9t\u00e9 impossible pendant quelques mois de r\u00e9server un h\u00e9bergement \u00e0 l&rsquo;h\u00f4tel pour le s\u00e9jour ambulatoire. La clinique a \u00e9t\u00e9 ferm\u00e9e le 1er avril 2020 et les employ\u00e9s licenci\u00e9s. Nicolaus a d\u00e9clar\u00e9 vouloir poursuivre ses activit\u00e9s dans le domaine du diagnostic, de la recherche et de la formation initiale et continue. On entendra donc encore parler de lui. Deux de ses collaboratrices , qu&rsquo;il mentionne express\u00e9ment dans sa lettre d&rsquo;adieu, poursuivent son \u0153uvre : Sigrid Blehle et le Dr Terezia Heim.<\/p><p>Sigrid Blehle, jusqu&rsquo;ici directrice m\u00e9dicale adjointe de la BCA, s&rsquo;est install\u00e9e dans son propre cabinet \u00e0 Augsbourg sous le nom d&rsquo;Alviasana. Elle est sp\u00e9cialis\u00e9e dans les maladies transmises par les tiques et les infections chroniques. Elle est \u00e9galement comp\u00e9tente dans le traitement de la m\u00e9thyl\u00e8ne t\u00e9trahydrofolate r\u00e9ductase (MTHFR) et du syndrome de fatigue chronique. Blehle poursuit entre autres le suivi des patients BCA. Elle est soutenue par la p\u00e9diatre Dr Terezia Heim et une \u00e9quipe comp\u00e9tente et familiaris\u00e9e avec la th\u00e9matique de la borr\u00e9liose. Des diagnostics fond\u00e9s et des concepts th\u00e9rapeutiques globaux sont toujours propos\u00e9s, aussi bien avec des antibiotiques qu&rsquo;avec des th\u00e9rapies naturelles. Il existe \u00e9galement un concept de th\u00e9rapie intensifi\u00e9e sur trois semaines dans le cabinet.<\/p>\t\t\t\t\t\t\t\t<\/div>\n\t\t\t\t<\/div>\n\t\t\t\t\t<\/div>\n\t\t<\/div>\n\t\t\t\t\t<\/div>\n\t\t<\/section>\n\t\t\t\t<\/div>\n\t\t","protected":false},"excerpt":{"rendered":"<p>Borreliose Wissen Aktuell Nr. 42 Pendant plus de 14 ans, le Borreliose Centrum Augsburg, appel\u00e9 plus r\u00e9cemment BCA-Clinic, a \u00e9t\u00e9 l&rsquo;adresse de r\u00e9f\u00e9rence pour les patients atteints de borr\u00e9liose \u00e0 la recherche d&rsquo;un diagnostic et d&rsquo;un traitement dans le monde entier. Les membres fondateurs, le Dr Carsten Nicolaus et le Dr Armin Schwarzbach, suivaient surtout [&hellip;]<\/p>\n","protected":false},"author":2,"featured_media":2811,"comment_status":"closed","ping_status":"closed","sticky":false,"template":"","format":"standard","meta":{"_acf_changed":false,"footnotes":""},"categories":[22],"tags":[],"class_list":["post-3436","post","type-post","status-publish","format-standard","has-post-thumbnail","hentry","category-non-classifiee"],"acf":[],"yoast_head":"<!-- This site is optimized with the Yoast SEO plugin v26.2 - https:\/\/yoast.com\/wordpress\/plugins\/seo\/ -->\n<title>La BCA et les cons\u00e9quences du Corona - Alviasana<\/title>\n<meta name=\"description\" content=\"Borreliose Wissen Aktuell Nr. 42 Pendant plus de 14 ans, le Borreliose Centrum Augsburg, appel\u00e9 plus r\u00e9cemment BCA-Clinic, a \u00e9t\u00e9 l&#039;adresse de r\u00e9f\u00e9rence\" \/>\n<meta name=\"robots\" content=\"index, follow, max-snippet:-1, max-image-preview:large, max-video-preview:-1\" \/>\n<link rel=\"canonical\" href=\"https:\/\/www.alviasana.com\/fr\/das-bca-und-die-corona-folgen\/\" \/>\n<meta property=\"og:locale\" content=\"fr_FR\" \/>\n<meta property=\"og:type\" content=\"article\" \/>\n<meta property=\"og:title\" content=\"La BCA et les cons\u00e9quences du Corona - Alviasana\" \/>\n<meta property=\"og:description\" content=\"Borreliose Wissen Aktuell Nr. 42 Pendant plus de 14 ans, le Borreliose Centrum Augsburg, appel\u00e9 plus r\u00e9cemment BCA-Clinic, a \u00e9t\u00e9 l&#039;adresse de r\u00e9f\u00e9rence\" \/>\n<meta property=\"og:url\" content=\"https:\/\/www.alviasana.com\/fr\/das-bca-und-die-corona-folgen\/\" \/>\n<meta property=\"og:site_name\" content=\"Alviasana\" \/>\n<meta property=\"article:published_time\" content=\"2020-07-01T07:02:38+00:00\" \/>\n<meta property=\"article:modified_time\" content=\"2022-03-30T12:44:28+00:00\" \/>\n<meta property=\"og:image\" content=\"https:\/\/www.alviasana.com\/wp-content\/uploads\/2021\/07\/bca-und-corona-folgen.jpg\" \/>\n\t<meta property=\"og:image:width\" content=\"800\" \/>\n\t<meta property=\"og:image:height\" content=\"1200\" \/>\n\t<meta property=\"og:image:type\" content=\"image\/jpeg\" \/>\n<meta name=\"author\" content=\"Laura Hacker\" \/>\n<meta name=\"twitter:card\" content=\"summary_large_image\" \/>\n<meta name=\"twitter:label1\" content=\"\u00c9crit par\" \/>\n\t<meta name=\"twitter:data1\" content=\"Laura Hacker\" \/>\n\t<meta name=\"twitter:label2\" content=\"Dur\u00e9e de lecture estim\u00e9e\" \/>\n\t<meta name=\"twitter:data2\" content=\"3 minutes\" \/>\n<script type=\"application\/ld+json\" class=\"yoast-schema-graph\">{\"@context\":\"https:\/\/schema.org\",\"@graph\":[{\"@type\":\"Article\",\"@id\":\"https:\/\/www.alviasana.com\/fr\/das-bca-und-die-corona-folgen\/#article\",\"isPartOf\":{\"@id\":\"https:\/\/www.alviasana.com\/fr\/das-bca-und-die-corona-folgen\/\"},\"author\":{\"name\":\"Laura Hacker\",\"@id\":\"https:\/\/www.alviasana.com\/#\/schema\/person\/e13e06331625f98587a56e830c36f083\"},\"headline\":\"La BCA et les cons\u00e9quences du Corona\",\"datePublished\":\"2020-07-01T07:02:38+00:00\",\"dateModified\":\"2022-03-30T12:44:28+00:00\",\"mainEntityOfPage\":{\"@id\":\"https:\/\/www.alviasana.com\/fr\/das-bca-und-die-corona-folgen\/\"},\"wordCount\":529,\"publisher\":{\"@id\":\"https:\/\/www.alviasana.com\/#organization\"},\"image\":{\"@id\":\"https:\/\/www.alviasana.com\/fr\/das-bca-und-die-corona-folgen\/#primaryimage\"},\"thumbnailUrl\":\"https:\/\/www.alviasana.com\/wp-content\/uploads\/2021\/07\/bca-und-corona-folgen.jpg\",\"articleSection\":[\"Non classifi\u00e9(e)\"],\"inLanguage\":\"fr-FR\"},{\"@type\":\"WebPage\",\"@id\":\"https:\/\/www.alviasana.com\/fr\/das-bca-und-die-corona-folgen\/\",\"url\":\"https:\/\/www.alviasana.com\/fr\/das-bca-und-die-corona-folgen\/\",\"name\":\"La BCA et les cons\u00e9quences du Corona - Alviasana\",\"isPartOf\":{\"@id\":\"https:\/\/www.alviasana.com\/#website\"},\"primaryImageOfPage\":{\"@id\":\"https:\/\/www.alviasana.com\/fr\/das-bca-und-die-corona-folgen\/#primaryimage\"},\"image\":{\"@id\":\"https:\/\/www.alviasana.com\/fr\/das-bca-und-die-corona-folgen\/#primaryimage\"},\"thumbnailUrl\":\"https:\/\/www.alviasana.com\/wp-content\/uploads\/2021\/07\/bca-und-corona-folgen.jpg\",\"datePublished\":\"2020-07-01T07:02:38+00:00\",\"dateModified\":\"2022-03-30T12:44:28+00:00\",\"description\":\"Borreliose Wissen Aktuell Nr. 42 Pendant plus de 14 ans, le Borreliose Centrum Augsburg, appel\u00e9 plus r\u00e9cemment BCA-Clinic, a \u00e9t\u00e9 l'adresse de r\u00e9f\u00e9rence\",\"breadcrumb\":{\"@id\":\"https:\/\/www.alviasana.com\/fr\/das-bca-und-die-corona-folgen\/#breadcrumb\"},\"inLanguage\":\"fr-FR\",\"potentialAction\":[{\"@type\":\"ReadAction\",\"target\":[\"https:\/\/www.alviasana.com\/fr\/das-bca-und-die-corona-folgen\/\"]}]},{\"@type\":\"ImageObject\",\"inLanguage\":\"fr-FR\",\"@id\":\"https:\/\/www.alviasana.com\/fr\/das-bca-und-die-corona-folgen\/#primaryimage\",\"url\":\"https:\/\/www.alviasana.com\/wp-content\/uploads\/2021\/07\/bca-und-corona-folgen.jpg\",\"contentUrl\":\"https:\/\/www.alviasana.com\/wp-content\/uploads\/2021\/07\/bca-und-corona-folgen.jpg\",\"width\":800,\"height\":1200},{\"@type\":\"BreadcrumbList\",\"@id\":\"https:\/\/www.alviasana.com\/fr\/das-bca-und-die-corona-folgen\/#breadcrumb\",\"itemListElement\":[{\"@type\":\"ListItem\",\"position\":1,\"name\":\"Startseite\",\"item\":\"https:\/\/www.alviasana.com\/fr\/\"},{\"@type\":\"ListItem\",\"position\":2,\"name\":\"La BCA et les cons\u00e9quences du Corona\"}]},{\"@type\":\"WebSite\",\"@id\":\"https:\/\/www.alviasana.com\/#website\",\"url\":\"https:\/\/www.alviasana.com\/\",\"name\":\"Alviasana\",\"description\":\"Privatpraxis f\u00fcr Lyme-Borreliose und chronische Infektionen\",\"publisher\":{\"@id\":\"https:\/\/www.alviasana.com\/#organization\"},\"potentialAction\":[{\"@type\":\"SearchAction\",\"target\":{\"@type\":\"EntryPoint\",\"urlTemplate\":\"https:\/\/www.alviasana.com\/?s={search_term_string}\"},\"query-input\":{\"@type\":\"PropertyValueSpecification\",\"valueRequired\":true,\"valueName\":\"search_term_string\"}}],\"inLanguage\":\"fr-FR\"},{\"@type\":\"Organization\",\"@id\":\"https:\/\/www.alviasana.com\/#organization\",\"name\":\"Alviasana\",\"url\":\"https:\/\/www.alviasana.com\/\",\"logo\":{\"@type\":\"ImageObject\",\"inLanguage\":\"fr-FR\",\"@id\":\"https:\/\/www.alviasana.com\/#\/schema\/logo\/image\/\",\"url\":\"https:\/\/www.alviasana.com\/wp-content\/uploads\/2021\/07\/Alvia_Logo_RGB.svg\",\"contentUrl\":\"https:\/\/www.alviasana.com\/wp-content\/uploads\/2021\/07\/Alvia_Logo_RGB.svg\",\"width\":1,\"height\":1,\"caption\":\"Alviasana\"},\"image\":{\"@id\":\"https:\/\/www.alviasana.com\/#\/schema\/logo\/image\/\"}},{\"@type\":\"Person\",\"@id\":\"https:\/\/www.alviasana.com\/#\/schema\/person\/e13e06331625f98587a56e830c36f083\",\"name\":\"Laura Hacker\",\"image\":{\"@type\":\"ImageObject\",\"inLanguage\":\"fr-FR\",\"@id\":\"https:\/\/www.alviasana.com\/#\/schema\/person\/image\/\",\"url\":\"https:\/\/secure.gravatar.com\/avatar\/01e39c6507ff812462147f8605f47cfd29b32b9c3789874f86d089ddf7d7fc3f?s=96&d=mm&r=g\",\"contentUrl\":\"https:\/\/secure.gravatar.com\/avatar\/01e39c6507ff812462147f8605f47cfd29b32b9c3789874f86d089ddf7d7fc3f?s=96&d=mm&r=g\",\"caption\":\"Laura Hacker\"}}]}<\/script>\n<!-- \/ Yoast SEO plugin. -->","yoast_head_json":{"title":"La BCA et les cons\u00e9quences du Corona - Alviasana","description":"Borreliose Wissen Aktuell Nr. 42 Pendant plus de 14 ans, le Borreliose Centrum Augsburg, appel\u00e9 plus r\u00e9cemment BCA-Clinic, a \u00e9t\u00e9 l'adresse de r\u00e9f\u00e9rence","robots":{"index":"index","follow":"follow","max-snippet":"max-snippet:-1","max-image-preview":"max-image-preview:large","max-video-preview":"max-video-preview:-1"},"canonical":"https:\/\/www.alviasana.com\/fr\/das-bca-und-die-corona-folgen\/","og_locale":"fr_FR","og_type":"article","og_title":"La BCA et les cons\u00e9quences du Corona - Alviasana","og_description":"Borreliose Wissen Aktuell Nr. 42 Pendant plus de 14 ans, le Borreliose Centrum Augsburg, appel\u00e9 plus r\u00e9cemment BCA-Clinic, a \u00e9t\u00e9 l'adresse de r\u00e9f\u00e9rence","og_url":"https:\/\/www.alviasana.com\/fr\/das-bca-und-die-corona-folgen\/","og_site_name":"Alviasana","article_published_time":"2020-07-01T07:02:38+00:00","article_modified_time":"2022-03-30T12:44:28+00:00","og_image":[{"width":800,"height":1200,"url":"https:\/\/www.alviasana.com\/wp-content\/uploads\/2021\/07\/bca-und-corona-folgen.jpg","type":"image\/jpeg"}],"author":"Laura Hacker","twitter_card":"summary_large_image","twitter_misc":{"\u00c9crit par":"Laura Hacker","Dur\u00e9e de lecture estim\u00e9e":"3 minutes"},"schema":{"@context":"https:\/\/schema.org","@graph":[{"@type":"Article","@id":"https:\/\/www.alviasana.com\/fr\/das-bca-und-die-corona-folgen\/#article","isPartOf":{"@id":"https:\/\/www.alviasana.com\/fr\/das-bca-und-die-corona-folgen\/"},"author":{"name":"Laura Hacker","@id":"https:\/\/www.alviasana.com\/#\/schema\/person\/e13e06331625f98587a56e830c36f083"},"headline":"La BCA et les cons\u00e9quences du Corona","datePublished":"2020-07-01T07:02:38+00:00","dateModified":"2022-03-30T12:44:28+00:00","mainEntityOfPage":{"@id":"https:\/\/www.alviasana.com\/fr\/das-bca-und-die-corona-folgen\/"},"wordCount":529,"publisher":{"@id":"https:\/\/www.alviasana.com\/#organization"},"image":{"@id":"https:\/\/www.alviasana.com\/fr\/das-bca-und-die-corona-folgen\/#primaryimage"},"thumbnailUrl":"https:\/\/www.alviasana.com\/wp-content\/uploads\/2021\/07\/bca-und-corona-folgen.jpg","articleSection":["Non classifi\u00e9(e)"],"inLanguage":"fr-FR"},{"@type":"WebPage","@id":"https:\/\/www.alviasana.com\/fr\/das-bca-und-die-corona-folgen\/","url":"https:\/\/www.alviasana.com\/fr\/das-bca-und-die-corona-folgen\/","name":"La BCA et les cons\u00e9quences du Corona - Alviasana","isPartOf":{"@id":"https:\/\/www.alviasana.com\/#website"},"primaryImageOfPage":{"@id":"https:\/\/www.alviasana.com\/fr\/das-bca-und-die-corona-folgen\/#primaryimage"},"image":{"@id":"https:\/\/www.alviasana.com\/fr\/das-bca-und-die-corona-folgen\/#primaryimage"},"thumbnailUrl":"https:\/\/www.alviasana.com\/wp-content\/uploads\/2021\/07\/bca-und-corona-folgen.jpg","datePublished":"2020-07-01T07:02:38+00:00","dateModified":"2022-03-30T12:44:28+00:00","description":"Borreliose Wissen Aktuell Nr. 42 Pendant plus de 14 ans, le Borreliose Centrum Augsburg, appel\u00e9 plus r\u00e9cemment BCA-Clinic, a \u00e9t\u00e9 l'adresse de r\u00e9f\u00e9rence","breadcrumb":{"@id":"https:\/\/www.alviasana.com\/fr\/das-bca-und-die-corona-folgen\/#breadcrumb"},"inLanguage":"fr-FR","potentialAction":[{"@type":"ReadAction","target":["https:\/\/www.alviasana.com\/fr\/das-bca-und-die-corona-folgen\/"]}]},{"@type":"ImageObject","inLanguage":"fr-FR","@id":"https:\/\/www.alviasana.com\/fr\/das-bca-und-die-corona-folgen\/#primaryimage","url":"https:\/\/www.alviasana.com\/wp-content\/uploads\/2021\/07\/bca-und-corona-folgen.jpg","contentUrl":"https:\/\/www.alviasana.com\/wp-content\/uploads\/2021\/07\/bca-und-corona-folgen.jpg","width":800,"height":1200},{"@type":"BreadcrumbList","@id":"https:\/\/www.alviasana.com\/fr\/das-bca-und-die-corona-folgen\/#breadcrumb","itemListElement":[{"@type":"ListItem","position":1,"name":"Startseite","item":"https:\/\/www.alviasana.com\/fr\/"},{"@type":"ListItem","position":2,"name":"La BCA et les cons\u00e9quences du Corona"}]},{"@type":"WebSite","@id":"https:\/\/www.alviasana.com\/#website","url":"https:\/\/www.alviasana.com\/","name":"Alviasana","description":"Privatpraxis f\u00fcr Lyme-Borreliose und chronische Infektionen","publisher":{"@id":"https:\/\/www.alviasana.com\/#organization"},"potentialAction":[{"@type":"SearchAction","target":{"@type":"EntryPoint","urlTemplate":"https:\/\/www.alviasana.com\/?s={search_term_string}"},"query-input":{"@type":"PropertyValueSpecification","valueRequired":true,"valueName":"search_term_string"}}],"inLanguage":"fr-FR"},{"@type":"Organization","@id":"https:\/\/www.alviasana.com\/#organization","name":"Alviasana","url":"https:\/\/www.alviasana.com\/","logo":{"@type":"ImageObject","inLanguage":"fr-FR","@id":"https:\/\/www.alviasana.com\/#\/schema\/logo\/image\/","url":"https:\/\/www.alviasana.com\/wp-content\/uploads\/2021\/07\/Alvia_Logo_RGB.svg","contentUrl":"https:\/\/www.alviasana.com\/wp-content\/uploads\/2021\/07\/Alvia_Logo_RGB.svg","width":1,"height":1,"caption":"Alviasana"},"image":{"@id":"https:\/\/www.alviasana.com\/#\/schema\/logo\/image\/"}},{"@type":"Person","@id":"https:\/\/www.alviasana.com\/#\/schema\/person\/e13e06331625f98587a56e830c36f083","name":"Laura Hacker","image":{"@type":"ImageObject","inLanguage":"fr-FR","@id":"https:\/\/www.alviasana.com\/#\/schema\/person\/image\/","url":"https:\/\/secure.gravatar.com\/avatar\/01e39c6507ff812462147f8605f47cfd29b32b9c3789874f86d089ddf7d7fc3f?s=96&d=mm&r=g","contentUrl":"https:\/\/secure.gravatar.com\/avatar\/01e39c6507ff812462147f8605f47cfd29b32b9c3789874f86d089ddf7d7fc3f?s=96&d=mm&r=g","caption":"Laura Hacker"}}]}},"_links":{"self":[{"href":"https:\/\/www.alviasana.com\/fr\/wp-json\/wp\/v2\/posts\/3436","targetHints":{"allow":["GET"]}}],"collection":[{"href":"https:\/\/www.alviasana.com\/fr\/wp-json\/wp\/v2\/posts"}],"about":[{"href":"https:\/\/www.alviasana.com\/fr\/wp-json\/wp\/v2\/types\/post"}],"author":[{"embeddable":true,"href":"https:\/\/www.alviasana.com\/fr\/wp-json\/wp\/v2\/users\/2"}],"replies":[{"embeddable":true,"href":"https:\/\/www.alviasana.com\/fr\/wp-json\/wp\/v2\/comments?post=3436"}],"version-history":[{"count":3,"href":"https:\/\/www.alviasana.com\/fr\/wp-json\/wp\/v2\/posts\/3436\/revisions"}],"predecessor-version":[{"id":3549,"href":"https:\/\/www.alviasana.com\/fr\/wp-json\/wp\/v2\/posts\/3436\/revisions\/3549"}],"wp:featuredmedia":[{"embeddable":true,"href":"https:\/\/www.alviasana.com\/fr\/wp-json\/wp\/v2\/media\/2811"}],"wp:attachment":[{"href":"https:\/\/www.alviasana.com\/fr\/wp-json\/wp\/v2\/media?parent=3436"}],"wp:term":[{"taxonomy":"category","embeddable":true,"href":"https:\/\/www.alviasana.com\/fr\/wp-json\/wp\/v2\/categories?post=3436"},{"taxonomy":"post_tag","embeddable":true,"href":"https:\/\/www.alviasana.com\/fr\/wp-json\/wp\/v2\/tags?post=3436"}],"curies":[{"name":"wp","href":"https:\/\/api.w.org\/{rel}","templated":true}]}}