{"id":3432,"date":"2021-07-01T09:02:37","date_gmt":"2021-07-01T07:02:37","guid":{"rendered":"https:\/\/www.alviasana.com\/verborgen-im-gras\/"},"modified":"2022-03-25T13:59:20","modified_gmt":"2022-03-25T12:59:20","slug":"verborgen-im-gras","status":"publish","type":"post","link":"https:\/\/www.alviasana.com\/fr\/verborgen-im-gras\/","title":{"rendered":"Cach\u00e9 dans l&rsquo;herbe"},"content":{"rendered":"\t\t<div data-elementor-type=\"wp-post\" data-elementor-id=\"3432\" class=\"elementor elementor-3432 elementor-35\" data-elementor-post-type=\"post\">\n\t\t\t\t\t\t<section class=\"elementor-section elementor-top-section elementor-element elementor-element-47a72b39 elementor-section-boxed elementor-section-height-default elementor-section-height-default\" data-id=\"47a72b39\" data-element_type=\"section\">\n\t\t\t\t\t\t<div class=\"elementor-container elementor-column-gap-no\">\n\t\t\t\t\t<div class=\"elementor-column elementor-col-100 elementor-top-column elementor-element elementor-element-2cce8569\" data-id=\"2cce8569\" data-element_type=\"column\">\n\t\t\t<div class=\"elementor-widget-wrap elementor-element-populated\">\n\t\t\t\t\t\t<div class=\"elementor-element elementor-element-ea6b1f0 elementor-widget elementor-widget-heading\" data-id=\"ea6b1f0\" data-element_type=\"widget\" data-widget_type=\"heading.default\">\n\t\t\t\t<div class=\"elementor-widget-container\">\n\t\t\t\t\t<h6 class=\"elementor-heading-title elementor-size-default\">alverde \u00e9dition Juillet 2021<\/h6>\t\t\t\t<\/div>\n\t\t\t\t<\/div>\n\t\t\t\t<div class=\"elementor-element elementor-element-248cb311 elementor-widget elementor-widget-text-editor\" data-id=\"248cb311\" data-element_type=\"widget\" data-widget_type=\"text-editor.default\">\n\t\t\t\t<div class=\"elementor-widget-container\">\n\t\t\t\t\t\t\t\t\t<p>Elles se cachent discr\u00e8tement dans la nature, sur les arbustes, au bord des chemins : les tiques. Ces arachnides y attendent leur victime. Il vaut mieux s&rsquo;en prot\u00e9ger. Car ces minuscules insectes sont des \u00ab\u00a0superspreaders\u00a0\u00bb et peuvent transmettre des agents pathog\u00e8nes.<\/p><p>Elles aiment beaucoup les prairies : Les tiques se sentent particuli\u00e8rement bien dans l&rsquo;herbe humide. Elles profitent du changement climatique et des hivers doux, de sorte que m\u00eame des esp\u00e8ces des tropiques se sentent chez elles chez nous. \u00ab\u00a0Nous avons les premiers cas de tiques en janvier, les derniers en novembre\u00a0\u00bb, explique Dr. Sigrid Blehle, sp\u00e9cialiste des maladies transmises par les tiques. La tique commune est la plus fr\u00e9quente chez nous. Cette esp\u00e8ce de tique repr\u00e9sente le principal risque d&rsquo;infection par des bact\u00e9ries telles que Borrelia.<\/p><p>LA BORR\u00c9LIOSE : DE QUOI S&rsquo;AGIT-IL ?<br \/>Lorsque les tiques sucent des animaux sauvages infect\u00e9s par Borrelia, comme les souris, elles ing\u00e8rent les agents pathog\u00e8nes. Chez environ 30 % des tiques, les bact\u00e9ries en forme de spirale se retrouvent dans la salive. Si elles sucent ensuite des humains, les germes p\u00e9n\u00e8trent dans le sang et se propagent dans tout le corps. \u00ab\u00a0La moiti\u00e9 des patients souffrent d&rsquo;une \u00e9ruption migratoire, dans laquelle une rougeur tr\u00e8s ou moins circulaire de la peau s&rsquo;\u00e9tend autour du site de la morsure\u00a0\u00bb, explique le Dr Sigrid Blehle. \u00ab\u00a0C&rsquo;est un signe certain d&rsquo;infection\u00a0\u00bb. Il faut \u00e9galement \u00eatre attentif \u00e0 une grippe estivale apr\u00e8s une morsure de tique. \u00ab\u00a0En g\u00e9n\u00e9ral, les plaintes fr\u00e9quentes sont des inflammations musculaires et articulaires, des paralysies, mais aussi des palpitations, des probl\u00e8mes de concentration, des trous de m\u00e9moire soudains et des difficult\u00e9s \u00e0 s&rsquo;endormir. Il peut y avoir des cas de burn-out ou de d\u00e9pression\u00a0\u00bb. d\u00e9clare le Dr Sigrid Blehle. Comme les sympt\u00f4mes sont peu sp\u00e9cifiques et n&rsquo;apparaissent souvent que des mois ou des ann\u00e9es plus tard, la maladie de Lyme est rarement reconnue. Les chiffres sur la fr\u00e9quence de la maladie fluctuent donc : de 34 000 nouvelles infections par an \u00e0 un nombre estim\u00e9 \u00e0 700 000.<\/p><p>TROUVER LA CAUSE. \u00c9TABLIR LE DIAGNOSTIC.<br \/>La plupart du temps, la personne affect\u00e9e a d&rsquo;autres virus et bact\u00e9ries dans son organisme, la question est donc de savoir ce qui d\u00e9clenche les sympt\u00f4mes. Les analyses de sang qui d\u00e9tectent l&rsquo;agent pathog\u00e8ne ou les anticorps contre celui-ci fournissent des informations. \u00ab\u00a0Mais tout le monde ne poss\u00e8de pas d&rsquo;anticorps, notamment les personnes dont le syst\u00e8me immunitaire est faible\u00a0\u00bb, explique le Dr Armin Schwarzbach, sp\u00e9cialiste des laboratoires. \u00ab\u00a0De nombreux tests immunologiques de la maladie de Lyme peuvent donc \u00eatre de faux n\u00e9gatifs\u00a0\u00bb. Et de nombreux tests ne sont pas standardis\u00e9s. Le m\u00e9decin consid\u00e8re que la mesure de certains messagers inflammatoires comme l&rsquo;interf\u00e9ron-gamma, que les cellules immunitaires lib\u00e8rent lors d&rsquo;une infection, peut servir de preuve. Ce qui doit \u00eatre examin\u00e9 dans chaque cas individuel d\u00e9pend de l&rsquo;anciennet\u00e9 de la piq\u00fbre de tique et des sympt\u00f4mes que pr\u00e9sente le patient. <\/p><p>TRAITEMENT. QUE FAIT LE M\u00c9DECIN ?<br \/>En g\u00e9n\u00e9ral, les infections affaiblissent le syst\u00e8me immunitaire \u00e0 long terme. C&rsquo;est pourquoi une th\u00e9rapie pr\u00e9coce contre les agents pathog\u00e8nes est importante &#8211; mais les infections chroniques peuvent \u00e9galement \u00eatre trait\u00e9es. \u00ab\u00a0D&rsquo;un c\u00f4t\u00e9, nous combattons l&rsquo;infection par Borrelia avec des antibiotiques, nous traitons les sympt\u00f4mes et nous renfor\u00e7ons le syst\u00e8me immunitaire\u00a0\u00bb, explique le Dr Sigrid Blehle. Le seul probl\u00e8me est le suivant : La bact\u00e9rie Borrelia se \u00ab\u00a0cache\u00a0\u00bb dans les cellules et les tissus mal irrigu\u00e9s par le sang (articulations, tendons) &#8211; ce qui les prot\u00e8ge de l&rsquo;effet des antibiotiques. \u00ab\u00a0C&rsquo;est pourquoi nous combinons les antibiotiques avec des substances v\u00e9g\u00e9tales, par exemple de l&rsquo;armoise Artemisia annua. De cette fa\u00e7on, nous obtenons un meilleur effet et nous avons besoin de moins d&rsquo;antibiotiques\u00a0\u00bb, explique le Dr Sigrid Blehle. Dans le cas d&rsquo;une maladie de Lyme chronique \u00e0 long terme, l&rsquo;accent est mis sur l&rsquo;am\u00e9lioration de la vitalit\u00e9, par exemple par des traitements cibl\u00e9s contre la douleur, la physioth\u00e9rapie et le coaching mental. <br \/>Plus la maladie de Lyme est d\u00e9tect\u00e9e t\u00f4t, mieux c&rsquo;est. Plus la tique est retir\u00e9e t\u00f4t, plus la probabilit\u00e9 d&rsquo;infection est faible. La tique peut \u00eatre retir\u00e9e \u00e0 l&rsquo;aide d&rsquo;une carte \u00e0 tiques ou d&rsquo;une pince \u00e0 \u00e9piler courb\u00e9e. D\u00e9sinfectez la zone de ponction ! Si vous faites analyser la tique par un laboratoire pour d\u00e9tecter les agents pathog\u00e8nes, vous saurez si une infection a eu lieu.<\/p>\t\t\t\t\t\t\t\t<\/div>\n\t\t\t\t<\/div>\n\t\t\t\t\t<\/div>\n\t\t<\/div>\n\t\t\t\t\t<\/div>\n\t\t<\/section>\n\t\t\t\t<\/div>\n\t\t","protected":false},"excerpt":{"rendered":"<p>alverde \u00e9dition Juillet 2021 Elles se cachent discr\u00e8tement dans la nature, sur les arbustes, au bord des chemins : les tiques. Ces arachnides y attendent leur victime. Il vaut mieux s&rsquo;en prot\u00e9ger. Car ces minuscules insectes sont des \u00ab\u00a0superspreaders\u00a0\u00bb et peuvent transmettre des agents pathog\u00e8nes. Elles aiment beaucoup les prairies : Les tiques se sentent [&hellip;]<\/p>\n","protected":false},"author":2,"featured_media":2807,"comment_status":"closed","ping_status":"closed","sticky":false,"template":"","format":"standard","meta":{"_acf_changed":false,"footnotes":""},"categories":[22],"tags":[],"class_list":["post-3432","post","type-post","status-publish","format-standard","has-post-thumbnail","hentry","category-non-classifiee"],"acf":[],"yoast_head":"<!-- This site is optimized with the Yoast SEO plugin v26.2 - https:\/\/yoast.com\/wordpress\/plugins\/seo\/ -->\n<title>Cach\u00e9 dans l&#039;herbe - Alviasana<\/title>\n<meta name=\"description\" content=\"alverde \u00e9dition Juillet 2021 Elles se cachent discr\u00e8tement dans la nature, sur les arbustes, au bord des chemins : les tiques. Ces arachnides y attendent\" \/>\n<meta name=\"robots\" content=\"index, follow, max-snippet:-1, max-image-preview:large, max-video-preview:-1\" \/>\n<link rel=\"canonical\" href=\"https:\/\/www.alviasana.com\/fr\/verborgen-im-gras\/\" \/>\n<meta property=\"og:locale\" content=\"fr_FR\" \/>\n<meta property=\"og:type\" content=\"article\" \/>\n<meta property=\"og:title\" content=\"Cach\u00e9 dans l&#039;herbe - Alviasana\" \/>\n<meta property=\"og:description\" content=\"alverde \u00e9dition Juillet 2021 Elles se cachent discr\u00e8tement dans la nature, sur les arbustes, au bord des chemins : les tiques. Ces arachnides y attendent\" \/>\n<meta property=\"og:url\" content=\"https:\/\/www.alviasana.com\/fr\/verborgen-im-gras\/\" \/>\n<meta property=\"og:site_name\" content=\"Alviasana\" \/>\n<meta property=\"article:published_time\" content=\"2021-07-01T07:02:37+00:00\" \/>\n<meta property=\"article:modified_time\" content=\"2022-03-25T12:59:20+00:00\" \/>\n<meta property=\"og:image\" content=\"https:\/\/www.alviasana.com\/wp-content\/uploads\/2021\/07\/verborgen-im-gras.jpeg\" \/>\n\t<meta property=\"og:image:width\" content=\"800\" \/>\n\t<meta property=\"og:image:height\" content=\"562\" \/>\n\t<meta property=\"og:image:type\" content=\"image\/jpeg\" \/>\n<meta name=\"author\" content=\"Laura Hacker\" \/>\n<meta name=\"twitter:card\" content=\"summary_large_image\" \/>\n<meta name=\"twitter:label1\" content=\"\u00c9crit par\" \/>\n\t<meta name=\"twitter:data1\" content=\"Laura Hacker\" \/>\n\t<meta name=\"twitter:label2\" content=\"Dur\u00e9e de lecture estim\u00e9e\" \/>\n\t<meta name=\"twitter:data2\" content=\"4 minutes\" \/>\n<script type=\"application\/ld+json\" class=\"yoast-schema-graph\">{\"@context\":\"https:\/\/schema.org\",\"@graph\":[{\"@type\":\"Article\",\"@id\":\"https:\/\/www.alviasana.com\/fr\/verborgen-im-gras\/#article\",\"isPartOf\":{\"@id\":\"https:\/\/www.alviasana.com\/fr\/verborgen-im-gras\/\"},\"author\":{\"name\":\"Laura Hacker\",\"@id\":\"https:\/\/www.alviasana.com\/#\/schema\/person\/e13e06331625f98587a56e830c36f083\"},\"headline\":\"Cach\u00e9 dans l&rsquo;herbe\",\"datePublished\":\"2021-07-01T07:02:37+00:00\",\"dateModified\":\"2022-03-25T12:59:20+00:00\",\"mainEntityOfPage\":{\"@id\":\"https:\/\/www.alviasana.com\/fr\/verborgen-im-gras\/\"},\"wordCount\":809,\"publisher\":{\"@id\":\"https:\/\/www.alviasana.com\/#organization\"},\"image\":{\"@id\":\"https:\/\/www.alviasana.com\/fr\/verborgen-im-gras\/#primaryimage\"},\"thumbnailUrl\":\"https:\/\/www.alviasana.com\/wp-content\/uploads\/2021\/07\/verborgen-im-gras.jpeg\",\"articleSection\":[\"Non classifi\u00e9(e)\"],\"inLanguage\":\"fr-FR\"},{\"@type\":\"WebPage\",\"@id\":\"https:\/\/www.alviasana.com\/fr\/verborgen-im-gras\/\",\"url\":\"https:\/\/www.alviasana.com\/fr\/verborgen-im-gras\/\",\"name\":\"Cach\u00e9 dans l'herbe - Alviasana\",\"isPartOf\":{\"@id\":\"https:\/\/www.alviasana.com\/#website\"},\"primaryImageOfPage\":{\"@id\":\"https:\/\/www.alviasana.com\/fr\/verborgen-im-gras\/#primaryimage\"},\"image\":{\"@id\":\"https:\/\/www.alviasana.com\/fr\/verborgen-im-gras\/#primaryimage\"},\"thumbnailUrl\":\"https:\/\/www.alviasana.com\/wp-content\/uploads\/2021\/07\/verborgen-im-gras.jpeg\",\"datePublished\":\"2021-07-01T07:02:37+00:00\",\"dateModified\":\"2022-03-25T12:59:20+00:00\",\"description\":\"alverde \u00e9dition Juillet 2021 Elles se cachent discr\u00e8tement dans la nature, sur les arbustes, au bord des chemins : les tiques. Ces arachnides y attendent\",\"breadcrumb\":{\"@id\":\"https:\/\/www.alviasana.com\/fr\/verborgen-im-gras\/#breadcrumb\"},\"inLanguage\":\"fr-FR\",\"potentialAction\":[{\"@type\":\"ReadAction\",\"target\":[\"https:\/\/www.alviasana.com\/fr\/verborgen-im-gras\/\"]}]},{\"@type\":\"ImageObject\",\"inLanguage\":\"fr-FR\",\"@id\":\"https:\/\/www.alviasana.com\/fr\/verborgen-im-gras\/#primaryimage\",\"url\":\"https:\/\/www.alviasana.com\/wp-content\/uploads\/2021\/07\/verborgen-im-gras.jpeg\",\"contentUrl\":\"https:\/\/www.alviasana.com\/wp-content\/uploads\/2021\/07\/verborgen-im-gras.jpeg\",\"width\":800,\"height\":562},{\"@type\":\"BreadcrumbList\",\"@id\":\"https:\/\/www.alviasana.com\/fr\/verborgen-im-gras\/#breadcrumb\",\"itemListElement\":[{\"@type\":\"ListItem\",\"position\":1,\"name\":\"Startseite\",\"item\":\"https:\/\/www.alviasana.com\/fr\/\"},{\"@type\":\"ListItem\",\"position\":2,\"name\":\"Cach\u00e9 dans l&rsquo;herbe\"}]},{\"@type\":\"WebSite\",\"@id\":\"https:\/\/www.alviasana.com\/#website\",\"url\":\"https:\/\/www.alviasana.com\/\",\"name\":\"Alviasana\",\"description\":\"Privatpraxis f\u00fcr Lyme-Borreliose und chronische Infektionen\",\"publisher\":{\"@id\":\"https:\/\/www.alviasana.com\/#organization\"},\"potentialAction\":[{\"@type\":\"SearchAction\",\"target\":{\"@type\":\"EntryPoint\",\"urlTemplate\":\"https:\/\/www.alviasana.com\/?s={search_term_string}\"},\"query-input\":{\"@type\":\"PropertyValueSpecification\",\"valueRequired\":true,\"valueName\":\"search_term_string\"}}],\"inLanguage\":\"fr-FR\"},{\"@type\":\"Organization\",\"@id\":\"https:\/\/www.alviasana.com\/#organization\",\"name\":\"Alviasana\",\"url\":\"https:\/\/www.alviasana.com\/\",\"logo\":{\"@type\":\"ImageObject\",\"inLanguage\":\"fr-FR\",\"@id\":\"https:\/\/www.alviasana.com\/#\/schema\/logo\/image\/\",\"url\":\"https:\/\/www.alviasana.com\/wp-content\/uploads\/2021\/07\/Alvia_Logo_RGB.svg\",\"contentUrl\":\"https:\/\/www.alviasana.com\/wp-content\/uploads\/2021\/07\/Alvia_Logo_RGB.svg\",\"width\":1,\"height\":1,\"caption\":\"Alviasana\"},\"image\":{\"@id\":\"https:\/\/www.alviasana.com\/#\/schema\/logo\/image\/\"}},{\"@type\":\"Person\",\"@id\":\"https:\/\/www.alviasana.com\/#\/schema\/person\/e13e06331625f98587a56e830c36f083\",\"name\":\"Laura Hacker\",\"image\":{\"@type\":\"ImageObject\",\"inLanguage\":\"fr-FR\",\"@id\":\"https:\/\/www.alviasana.com\/#\/schema\/person\/image\/\",\"url\":\"https:\/\/secure.gravatar.com\/avatar\/01e39c6507ff812462147f8605f47cfd29b32b9c3789874f86d089ddf7d7fc3f?s=96&d=mm&r=g\",\"contentUrl\":\"https:\/\/secure.gravatar.com\/avatar\/01e39c6507ff812462147f8605f47cfd29b32b9c3789874f86d089ddf7d7fc3f?s=96&d=mm&r=g\",\"caption\":\"Laura Hacker\"}}]}<\/script>\n<!-- \/ Yoast SEO plugin. -->","yoast_head_json":{"title":"Cach\u00e9 dans l'herbe - Alviasana","description":"alverde \u00e9dition Juillet 2021 Elles se cachent discr\u00e8tement dans la nature, sur les arbustes, au bord des chemins : les tiques. Ces arachnides y attendent","robots":{"index":"index","follow":"follow","max-snippet":"max-snippet:-1","max-image-preview":"max-image-preview:large","max-video-preview":"max-video-preview:-1"},"canonical":"https:\/\/www.alviasana.com\/fr\/verborgen-im-gras\/","og_locale":"fr_FR","og_type":"article","og_title":"Cach\u00e9 dans l'herbe - Alviasana","og_description":"alverde \u00e9dition Juillet 2021 Elles se cachent discr\u00e8tement dans la nature, sur les arbustes, au bord des chemins : les tiques. Ces arachnides y attendent","og_url":"https:\/\/www.alviasana.com\/fr\/verborgen-im-gras\/","og_site_name":"Alviasana","article_published_time":"2021-07-01T07:02:37+00:00","article_modified_time":"2022-03-25T12:59:20+00:00","og_image":[{"width":800,"height":562,"url":"https:\/\/www.alviasana.com\/wp-content\/uploads\/2021\/07\/verborgen-im-gras.jpeg","type":"image\/jpeg"}],"author":"Laura Hacker","twitter_card":"summary_large_image","twitter_misc":{"\u00c9crit par":"Laura Hacker","Dur\u00e9e de lecture estim\u00e9e":"4 minutes"},"schema":{"@context":"https:\/\/schema.org","@graph":[{"@type":"Article","@id":"https:\/\/www.alviasana.com\/fr\/verborgen-im-gras\/#article","isPartOf":{"@id":"https:\/\/www.alviasana.com\/fr\/verborgen-im-gras\/"},"author":{"name":"Laura Hacker","@id":"https:\/\/www.alviasana.com\/#\/schema\/person\/e13e06331625f98587a56e830c36f083"},"headline":"Cach\u00e9 dans l&rsquo;herbe","datePublished":"2021-07-01T07:02:37+00:00","dateModified":"2022-03-25T12:59:20+00:00","mainEntityOfPage":{"@id":"https:\/\/www.alviasana.com\/fr\/verborgen-im-gras\/"},"wordCount":809,"publisher":{"@id":"https:\/\/www.alviasana.com\/#organization"},"image":{"@id":"https:\/\/www.alviasana.com\/fr\/verborgen-im-gras\/#primaryimage"},"thumbnailUrl":"https:\/\/www.alviasana.com\/wp-content\/uploads\/2021\/07\/verborgen-im-gras.jpeg","articleSection":["Non classifi\u00e9(e)"],"inLanguage":"fr-FR"},{"@type":"WebPage","@id":"https:\/\/www.alviasana.com\/fr\/verborgen-im-gras\/","url":"https:\/\/www.alviasana.com\/fr\/verborgen-im-gras\/","name":"Cach\u00e9 dans l'herbe - Alviasana","isPartOf":{"@id":"https:\/\/www.alviasana.com\/#website"},"primaryImageOfPage":{"@id":"https:\/\/www.alviasana.com\/fr\/verborgen-im-gras\/#primaryimage"},"image":{"@id":"https:\/\/www.alviasana.com\/fr\/verborgen-im-gras\/#primaryimage"},"thumbnailUrl":"https:\/\/www.alviasana.com\/wp-content\/uploads\/2021\/07\/verborgen-im-gras.jpeg","datePublished":"2021-07-01T07:02:37+00:00","dateModified":"2022-03-25T12:59:20+00:00","description":"alverde \u00e9dition Juillet 2021 Elles se cachent discr\u00e8tement dans la nature, sur les arbustes, au bord des chemins : les tiques. Ces arachnides y attendent","breadcrumb":{"@id":"https:\/\/www.alviasana.com\/fr\/verborgen-im-gras\/#breadcrumb"},"inLanguage":"fr-FR","potentialAction":[{"@type":"ReadAction","target":["https:\/\/www.alviasana.com\/fr\/verborgen-im-gras\/"]}]},{"@type":"ImageObject","inLanguage":"fr-FR","@id":"https:\/\/www.alviasana.com\/fr\/verborgen-im-gras\/#primaryimage","url":"https:\/\/www.alviasana.com\/wp-content\/uploads\/2021\/07\/verborgen-im-gras.jpeg","contentUrl":"https:\/\/www.alviasana.com\/wp-content\/uploads\/2021\/07\/verborgen-im-gras.jpeg","width":800,"height":562},{"@type":"BreadcrumbList","@id":"https:\/\/www.alviasana.com\/fr\/verborgen-im-gras\/#breadcrumb","itemListElement":[{"@type":"ListItem","position":1,"name":"Startseite","item":"https:\/\/www.alviasana.com\/fr\/"},{"@type":"ListItem","position":2,"name":"Cach\u00e9 dans l&rsquo;herbe"}]},{"@type":"WebSite","@id":"https:\/\/www.alviasana.com\/#website","url":"https:\/\/www.alviasana.com\/","name":"Alviasana","description":"Privatpraxis f\u00fcr Lyme-Borreliose und chronische Infektionen","publisher":{"@id":"https:\/\/www.alviasana.com\/#organization"},"potentialAction":[{"@type":"SearchAction","target":{"@type":"EntryPoint","urlTemplate":"https:\/\/www.alviasana.com\/?s={search_term_string}"},"query-input":{"@type":"PropertyValueSpecification","valueRequired":true,"valueName":"search_term_string"}}],"inLanguage":"fr-FR"},{"@type":"Organization","@id":"https:\/\/www.alviasana.com\/#organization","name":"Alviasana","url":"https:\/\/www.alviasana.com\/","logo":{"@type":"ImageObject","inLanguage":"fr-FR","@id":"https:\/\/www.alviasana.com\/#\/schema\/logo\/image\/","url":"https:\/\/www.alviasana.com\/wp-content\/uploads\/2021\/07\/Alvia_Logo_RGB.svg","contentUrl":"https:\/\/www.alviasana.com\/wp-content\/uploads\/2021\/07\/Alvia_Logo_RGB.svg","width":1,"height":1,"caption":"Alviasana"},"image":{"@id":"https:\/\/www.alviasana.com\/#\/schema\/logo\/image\/"}},{"@type":"Person","@id":"https:\/\/www.alviasana.com\/#\/schema\/person\/e13e06331625f98587a56e830c36f083","name":"Laura Hacker","image":{"@type":"ImageObject","inLanguage":"fr-FR","@id":"https:\/\/www.alviasana.com\/#\/schema\/person\/image\/","url":"https:\/\/secure.gravatar.com\/avatar\/01e39c6507ff812462147f8605f47cfd29b32b9c3789874f86d089ddf7d7fc3f?s=96&d=mm&r=g","contentUrl":"https:\/\/secure.gravatar.com\/avatar\/01e39c6507ff812462147f8605f47cfd29b32b9c3789874f86d089ddf7d7fc3f?s=96&d=mm&r=g","caption":"Laura Hacker"}}]}},"_links":{"self":[{"href":"https:\/\/www.alviasana.com\/fr\/wp-json\/wp\/v2\/posts\/3432","targetHints":{"allow":["GET"]}}],"collection":[{"href":"https:\/\/www.alviasana.com\/fr\/wp-json\/wp\/v2\/posts"}],"about":[{"href":"https:\/\/www.alviasana.com\/fr\/wp-json\/wp\/v2\/types\/post"}],"author":[{"embeddable":true,"href":"https:\/\/www.alviasana.com\/fr\/wp-json\/wp\/v2\/users\/2"}],"replies":[{"embeddable":true,"href":"https:\/\/www.alviasana.com\/fr\/wp-json\/wp\/v2\/comments?post=3432"}],"version-history":[{"count":3,"href":"https:\/\/www.alviasana.com\/fr\/wp-json\/wp\/v2\/posts\/3432\/revisions"}],"predecessor-version":[{"id":3506,"href":"https:\/\/www.alviasana.com\/fr\/wp-json\/wp\/v2\/posts\/3432\/revisions\/3506"}],"wp:featuredmedia":[{"embeddable":true,"href":"https:\/\/www.alviasana.com\/fr\/wp-json\/wp\/v2\/media\/2807"}],"wp:attachment":[{"href":"https:\/\/www.alviasana.com\/fr\/wp-json\/wp\/v2\/media?parent=3432"}],"wp:term":[{"taxonomy":"category","embeddable":true,"href":"https:\/\/www.alviasana.com\/fr\/wp-json\/wp\/v2\/categories?post=3432"},{"taxonomy":"post_tag","embeddable":true,"href":"https:\/\/www.alviasana.com\/fr\/wp-json\/wp\/v2\/tags?post=3432"}],"curies":[{"name":"wp","href":"https:\/\/api.w.org\/{rel}","templated":true}]}}